{"id":915,"date":"2023-10-25T18:22:54","date_gmt":"2023-10-25T21:22:54","guid":{"rendered":"https:\/\/guillermopino.com.ar\/?p=915"},"modified":"2024-05-02T15:25:20","modified_gmt":"2024-05-02T18:25:20","slug":"se-estrenara-plim-plim-un-heroe-del-corazon-en-ecuador-tv-2-2-2-2","status":"publish","type":"post","link":"https:\/\/guillermopino.com.ar\/pt\/2023\/10\/25\/se-estrenara-plim-plim-un-heroe-del-corazon-en-ecuador-tv-2-2-2-2\/","title":{"rendered":"\u201cPlim Plim, um Her\u00f3i do Cora\u00e7\u00e3o\u201d Chega \u00e0 TV Brasileira"},"content":{"rendered":"<p><strong>Plim Plim, Um Her\u00f3i do Cora\u00e7\u00e3o, voltado para o p\u00fablico em idade pr\u00e9-escolar, ser\u00e1 exibido de segunda a s\u00e1bado, \u00e0s 8h e \u00e0s 13h30, sob o t\u00edtulo Um Her\u00f3i do Cora\u00e7\u00e3o, seu nome em portugu\u00eas.<\/strong><\/p>\n<p>\u201cComo resultado da expans\u00e3o que estamos vivenciando com Plim Plim, temos a grande honra de fazer parte da programa\u00e7\u00e3o da TV Cultura, um canal amplamente reconhecido como refer\u00eancia em televis\u00e3o p\u00fablica, com 54 anos de hist\u00f3ria e mais de 400 pr\u00eamios conquistados. \u00c9 uma grande satisfa\u00e7\u00e3o chegar \u00e0s telas das fam\u00edlias do nosso pa\u00eds irm\u00e3o, o Brasil, por meio de uma emissora voltada para conte\u00fados culturais e educativos. Esta parceria permite que nosso conte\u00fado continue alcan\u00e7ando cada vez mais crian\u00e7as na Am\u00e9rica Latina e, assim, possamos cumprir nosso prop\u00f3sito: continuar acompanhando as fam\u00edlias na educa\u00e7\u00e3o de valores e h\u00e1bitos positivos\u201d, comentou Guillermo Pino, presidente da Smilehood e criador de Plim Plim, Um Her\u00f3i do Cora\u00e7\u00e3o.<\/p>\n<p>\u201cPlim Plim, Um Her\u00f3i do Cora\u00e7\u00e3o\u201d \u00e9 uma franquia criada por Guillermo Pino em 2011. Est\u00e1 presente nas principais redes sociais e chega diariamente a milh\u00f5es de lares em todos os cantos do mundo. Seus canais no YouTube contam com mais de 28 milh\u00f5es de inscritos, com mais de 34 milh\u00f5es de visualiza\u00e7\u00f5es di\u00e1rias e picos superiores a 40 milh\u00f5es. No Spotify, Plim Plim soma mais de 1,4 milh\u00e3o de ouvintes mensais; no TikTok, 2,5 milh\u00f5es de seguidores; no Facebook, 4,5 milh\u00f5es de seguidores; e, no Instagram, j\u00e1 ultrapassa 300 mil seguidores.<\/p>\n<p>Recentemente, foi lan\u00e7ado \u201cEl Canal del Payaso Plim Plim\u201d, um canal de TV por assinatura com 24 horas de programa\u00e7\u00e3o exclusiva baseada nos conte\u00fados da marca e distribu\u00eddo pela Frida Media. A s\u00e9rie \u00e9 exibida em alguns dos canais de televis\u00e3o mais prestigiados do Peru, Chile, Col\u00f4mbia, Equador, Bol\u00edvia, Argentina, M\u00e9xico, Panam\u00e1 e Brasil. Al\u00e9m disso, seu bem-sucedido show ao vivo j\u00e1 lotou salas na Argentina, M\u00e9xico, Panam\u00e1, Rep\u00fablica Dominicana, Guatemala, El Salvador, Costa Rica, Chile, Uruguai, Peru, Equador e Col\u00f4mbia.<\/p>\n\t<div class=\"vc_empty_space\"  style=\"height: 10px\" ><span\n\t\t\tclass=\"vc_empty_space_inner\">\n\t\t\t<span class=\"empty_space_image\"  ><\/span>\n\t\t<\/span><\/div>\n\n\n<p>&nbsp;<\/p>\n<p><img loading=\"lazy\" decoding=\"async\" class=\"alignnone wp-image-917 size-medium\" src=\"https:\/\/guillermopino.com.ar\/wp-content\/uploads\/2023\/10\/unnamed-2-300x147.jpg\" alt=\"\" width=\"300\" height=\"147\" srcset=\"https:\/\/guillermopino.com.ar\/wp-content\/uploads\/2023\/10\/unnamed-2-300x147.jpg 300w, https:\/\/guillermopino.com.ar\/wp-content\/uploads\/2023\/10\/unnamed-2-1024x500.jpg 1024w, https:\/\/guillermopino.com.ar\/wp-content\/uploads\/2023\/10\/unnamed-2-768x375.jpg 768w, https:\/\/guillermopino.com.ar\/wp-content\/uploads\/2023\/10\/unnamed-2-700x342.jpg 700w, https:\/\/guillermopino.com.ar\/wp-content\/uploads\/2023\/10\/unnamed-2.jpg 1251w\" sizes=\"auto, (max-width: 300px) 100vw, 300px\" \/><\/p>\n\t<div class=\"vc_empty_space\"  style=\"height: 30px\" ><span\n\t\t\tclass=\"vc_empty_space_inner\">\n\t\t\t<span class=\"empty_space_image\"  ><\/span>\n\t\t<\/span><\/div>","protected":false},"excerpt":{"rendered":"<p>Plim Plim, un h\u00e9roe del coraz\u00f3n, destinada a un target en edad preescolar, se transmitir\u00e1 de lunes a s\u00e1bado a las 8:00 y 13:30 horas bajo el t\u00edtulo Um Her\u00f3i do Cora\u00e7\u00e3o, su nombre en portugu\u00e9s. \u2018Como resultado de la expansi\u00f3n que estamos teniendo con&#8230;<\/p>","protected":false},"author":1,"featured_media":917,"comment_status":"open","ping_status":"open","sticky":false,"template":"","format":"standard","meta":{"om_disable_all_campaigns":false,"_monsterinsights_skip_tracking":false,"footnotes":""},"categories":[1],"tags":[],"class_list":["post-915","post","type-post","status-publish","format-standard","has-post-thumbnail","hentry","category-uncategorized"],"aioseo_notices":[],"aioseo_head":"\n\t\t<!-- All in One SEO 5.0.0.1 - aioseo.com -->\n\t<meta name=\"description\" content=\"Plim Plim, un h\u00e9roe del coraz\u00f3n, destinada a un target en edad preescolar, se transmitir\u00e1 de lunes a s\u00e1bado a las 8:00 y 13:30 horas bajo el t\u00edtulo Um Her\u00f3i do Cora\u00e7\u00e3o, su nombre en portugu\u00e9s. \u2018Como resultado de la expansi\u00f3n que estamos teniendo con Plim Plim, tenemos el gran honor de ser parte de\" \/>\n\t<meta name=\"robots\" content=\"max-image-preview:large\" \/>\n\t<meta name=\"author\" content=\"estudiopanambi_mv5ovl\"\/>\n\t<link rel=\"canonical\" href=\"https:\/\/guillermopino.com.ar\/pt\/2023\/10\/25\/se-estrenara-plim-plim-un-heroe-del-corazon-en-ecuador-tv-2-2-2-2\/\" \/>\n\t<meta name=\"generator\" content=\"All in One SEO (AIOSEO) 5.0.0.1\" \/>\n\t\t<meta property=\"og:locale\" content=\"pt_BR\" \/>\n\t\t<meta property=\"og:site_name\" content=\"Guillermo Pino -\" \/>\n\t\t<meta property=\"og:type\" content=\"article\" \/>\n\t\t<meta property=\"og:title\" content=\"\u00abPlim Plim, un h\u00e9roe del coraz\u00f3n\u00bb llega a la TV de Brasil - Guillermo Pino\" \/>\n\t\t<meta property=\"og:description\" content=\"Plim Plim, un h\u00e9roe del coraz\u00f3n, destinada a un target en edad preescolar, se transmitir\u00e1 de lunes a s\u00e1bado a las 8:00 y 13:30 horas bajo el t\u00edtulo Um Her\u00f3i do Cora\u00e7\u00e3o, su nombre en portugu\u00e9s. \u2018Como resultado de la expansi\u00f3n que estamos teniendo con Plim Plim, tenemos el gran honor de ser parte de\" \/>\n\t\t<meta property=\"og:url\" content=\"https:\/\/guillermopino.com.ar\/pt\/2023\/10\/25\/se-estrenara-plim-plim-un-heroe-del-corazon-en-ecuador-tv-2-2-2-2\/\" \/>\n\t\t<meta property=\"og:image\" content=\"https:\/\/guillermopino.com.ar\/wp-content\/uploads\/2023\/03\/Grupo-484.png\" \/>\n\t\t<meta property=\"og:image:secure_url\" content=\"https:\/\/guillermopino.com.ar\/wp-content\/uploads\/2023\/03\/Grupo-484.png\" \/>\n\t\t<meta property=\"og:image:width\" content=\"761\" \/>\n\t\t<meta property=\"og:image:height\" content=\"470\" \/>\n\t\t<meta property=\"article:published_time\" content=\"2023-10-25T21:22:54+00:00\" \/>\n\t\t<meta property=\"article:modified_time\" content=\"2024-05-02T18:25:20+00:00\" \/>\n\t\t<meta name=\"twitter:card\" content=\"summary_large_image\" \/>\n\t\t<meta name=\"twitter:title\" content=\"\u00abPlim Plim, un h\u00e9roe del coraz\u00f3n\u00bb llega a la TV de Brasil - Guillermo Pino\" \/>\n\t\t<meta name=\"twitter:description\" content=\"Plim Plim, un h\u00e9roe del coraz\u00f3n, destinada a un target en edad preescolar, se transmitir\u00e1 de lunes a s\u00e1bado a las 8:00 y 13:30 horas bajo el t\u00edtulo Um Her\u00f3i do Cora\u00e7\u00e3o, su nombre en portugu\u00e9s. \u2018Como resultado de la expansi\u00f3n que estamos teniendo con Plim Plim, tenemos el gran honor de ser parte de\" \/>\n\t\t<meta name=\"twitter:image\" content=\"https:\/\/guillermopino.com.ar\/wp-content\/uploads\/2023\/03\/Grupo-484.png\" \/>\n\t\t<script type=\"application\/ld+json\" class=\"aioseo-schema\">\n\t\t\t{\"@context\":\"https:\\\/\\\/schema.org\",\"@graph\":[{\"@type\":\"BlogPosting\",\"@id\":\"https:\\\/\\\/guillermopino.com.ar\\\/pt\\\/2023\\\/10\\\/25\\\/se-estrenara-plim-plim-un-heroe-del-corazon-en-ecuador-tv-2-2-2-2\\\/#blogposting\",\"name\":\"\\u00abPlim Plim, un h\\u00e9roe del coraz\\u00f3n\\u00bb llega a la TV de Brasil - Guillermo Pino\",\"headline\":\"\\u00abPlim Plim, un h\\u00e9roe del coraz\\u00f3n\\u00bb llega a la TV de Brasil\",\"author\":{\"@id\":\"https:\\\/\\\/guillermopino.com.ar\\\/pt\\\/author\\\/estudiopanambi_mv5ovl\\\/#author\"},\"publisher\":{\"@id\":\"https:\\\/\\\/guillermopino.com.ar\\\/pt\\\/#organization\"},\"image\":{\"@type\":\"ImageObject\",\"url\":\"https:\\\/\\\/guillermopino.com.ar\\\/wp-content\\\/uploads\\\/2023\\\/10\\\/unnamed-2.jpg\",\"width\":1251,\"height\":611},\"datePublished\":\"2023-10-25T18:22:54-03:00\",\"dateModified\":\"2024-05-02T15:25:20-03:00\",\"inLanguage\":\"pt-BR\",\"mainEntityOfPage\":{\"@id\":\"https:\\\/\\\/guillermopino.com.ar\\\/pt\\\/2023\\\/10\\\/25\\\/se-estrenara-plim-plim-un-heroe-del-corazon-en-ecuador-tv-2-2-2-2\\\/#webpage\"},\"isPartOf\":{\"@id\":\"https:\\\/\\\/guillermopino.com.ar\\\/pt\\\/2023\\\/10\\\/25\\\/se-estrenara-plim-plim-un-heroe-del-corazon-en-ecuador-tv-2-2-2-2\\\/#webpage\"},\"articleSection\":\"Uncategorized\"},{\"@type\":\"BreadcrumbList\",\"@id\":\"https:\\\/\\\/guillermopino.com.ar\\\/pt\\\/2023\\\/10\\\/25\\\/se-estrenara-plim-plim-un-heroe-del-corazon-en-ecuador-tv-2-2-2-2\\\/#breadcrumblist\",\"itemListElement\":[{\"@type\":\"ListItem\",\"@id\":\"https:\\\/\\\/guillermopino.com.ar\\\/pt#listItem\",\"position\":1,\"name\":\"Inicio\",\"item\":\"https:\\\/\\\/guillermopino.com.ar\\\/pt\",\"nextItem\":{\"@type\":\"ListItem\",\"@id\":\"https:\\\/\\\/guillermopino.com.ar\\\/pt\\\/category\\\/uncategorized\\\/#listItem\",\"name\":\"Uncategorized\"}},{\"@type\":\"ListItem\",\"@id\":\"https:\\\/\\\/guillermopino.com.ar\\\/pt\\\/category\\\/uncategorized\\\/#listItem\",\"position\":2,\"name\":\"Uncategorized\",\"item\":\"https:\\\/\\\/guillermopino.com.ar\\\/pt\\\/category\\\/uncategorized\\\/\",\"nextItem\":{\"@type\":\"ListItem\",\"@id\":\"https:\\\/\\\/guillermopino.com.ar\\\/pt\\\/2023\\\/10\\\/25\\\/se-estrenara-plim-plim-un-heroe-del-corazon-en-ecuador-tv-2-2-2-2\\\/#listItem\",\"name\":\"\\u00abPlim Plim, un h\\u00e9roe del coraz\\u00f3n\\u00bb llega a la TV de Brasil\"},\"previousItem\":{\"@type\":\"ListItem\",\"@id\":\"https:\\\/\\\/guillermopino.com.ar\\\/pt#listItem\",\"name\":\"Inicio\"}},{\"@type\":\"ListItem\",\"@id\":\"https:\\\/\\\/guillermopino.com.ar\\\/pt\\\/2023\\\/10\\\/25\\\/se-estrenara-plim-plim-un-heroe-del-corazon-en-ecuador-tv-2-2-2-2\\\/#listItem\",\"position\":3,\"name\":\"\\u00abPlim Plim, un h\\u00e9roe del coraz\\u00f3n\\u00bb llega a la TV de Brasil\",\"previousItem\":{\"@type\":\"ListItem\",\"@id\":\"https:\\\/\\\/guillermopino.com.ar\\\/pt\\\/category\\\/uncategorized\\\/#listItem\",\"name\":\"Uncategorized\"}}]},{\"@type\":\"Organization\",\"@id\":\"https:\\\/\\\/guillermopino.com.ar\\\/pt\\\/#organization\",\"name\":\"Guillermo Pino\",\"url\":\"https:\\\/\\\/guillermopino.com.ar\\\/pt\\\/\",\"logo\":{\"@type\":\"ImageObject\",\"url\":\"https:\\\/\\\/guillermopino.com.ar\\\/wp-content\\\/uploads\\\/2023\\\/03\\\/GuillermoTita-Pino.png\",\"@id\":\"https:\\\/\\\/guillermopino.com.ar\\\/pt\\\/2023\\\/10\\\/25\\\/se-estrenara-plim-plim-un-heroe-del-corazon-en-ecuador-tv-2-2-2-2\\\/#organizationLogo\",\"width\":134,\"height\":71},\"image\":{\"@id\":\"https:\\\/\\\/guillermopino.com.ar\\\/pt\\\/2023\\\/10\\\/25\\\/se-estrenara-plim-plim-un-heroe-del-corazon-en-ecuador-tv-2-2-2-2\\\/#organizationLogo\"}},{\"@type\":\"Person\",\"@id\":\"https:\\\/\\\/guillermopino.com.ar\\\/pt\\\/author\\\/estudiopanambi_mv5ovl\\\/#author\",\"url\":\"https:\\\/\\\/guillermopino.com.ar\\\/pt\\\/author\\\/estudiopanambi_mv5ovl\\\/\",\"name\":\"estudiopanambi_mv5ovl\",\"image\":{\"@type\":\"ImageObject\",\"@id\":\"https:\\\/\\\/guillermopino.com.ar\\\/pt\\\/2023\\\/10\\\/25\\\/se-estrenara-plim-plim-un-heroe-del-corazon-en-ecuador-tv-2-2-2-2\\\/#authorImage\",\"url\":\"https:\\\/\\\/secure.gravatar.com\\\/avatar\\\/9551f15f126ad9a3e3f284dd25a206d03ae852d7b70169defc67f9bbffd53988?s=96&d=mm&r=g\",\"width\":96,\"height\":96,\"caption\":\"estudiopanambi_mv5ovl\"}},{\"@type\":\"WebPage\",\"@id\":\"https:\\\/\\\/guillermopino.com.ar\\\/pt\\\/2023\\\/10\\\/25\\\/se-estrenara-plim-plim-un-heroe-del-corazon-en-ecuador-tv-2-2-2-2\\\/#webpage\",\"url\":\"https:\\\/\\\/guillermopino.com.ar\\\/pt\\\/2023\\\/10\\\/25\\\/se-estrenara-plim-plim-un-heroe-del-corazon-en-ecuador-tv-2-2-2-2\\\/\",\"name\":\"\\u00abPlim Plim, un h\\u00e9roe del coraz\\u00f3n\\u00bb llega a la TV de Brasil - Guillermo Pino\",\"description\":\"Plim Plim, un h\\u00e9roe del coraz\\u00f3n, destinada a un target en edad preescolar, se transmitir\\u00e1 de lunes a s\\u00e1bado a las 8:00 y 13:30 horas bajo el t\\u00edtulo Um Her\\u00f3i do Cora\\u00e7\\u00e3o, su nombre en portugu\\u00e9s. \\u2018Como resultado de la expansi\\u00f3n que estamos teniendo con Plim Plim, tenemos el gran honor de ser parte de\",\"inLanguage\":\"pt-BR\",\"isPartOf\":{\"@id\":\"https:\\\/\\\/guillermopino.com.ar\\\/pt\\\/#website\"},\"breadcrumb\":{\"@id\":\"https:\\\/\\\/guillermopino.com.ar\\\/pt\\\/2023\\\/10\\\/25\\\/se-estrenara-plim-plim-un-heroe-del-corazon-en-ecuador-tv-2-2-2-2\\\/#breadcrumblist\"},\"author\":{\"@id\":\"https:\\\/\\\/guillermopino.com.ar\\\/pt\\\/author\\\/estudiopanambi_mv5ovl\\\/#author\"},\"creator\":{\"@id\":\"https:\\\/\\\/guillermopino.com.ar\\\/pt\\\/author\\\/estudiopanambi_mv5ovl\\\/#author\"},\"image\":{\"@type\":\"ImageObject\",\"url\":\"https:\\\/\\\/guillermopino.com.ar\\\/wp-content\\\/uploads\\\/2023\\\/10\\\/unnamed-2.jpg\",\"@id\":\"https:\\\/\\\/guillermopino.com.ar\\\/pt\\\/2023\\\/10\\\/25\\\/se-estrenara-plim-plim-un-heroe-del-corazon-en-ecuador-tv-2-2-2-2\\\/#mainImage\",\"width\":1251,\"height\":611},\"primaryImageOfPage\":{\"@id\":\"https:\\\/\\\/guillermopino.com.ar\\\/pt\\\/2023\\\/10\\\/25\\\/se-estrenara-plim-plim-un-heroe-del-corazon-en-ecuador-tv-2-2-2-2\\\/#mainImage\"},\"datePublished\":\"2023-10-25T18:22:54-03:00\",\"dateModified\":\"2024-05-02T15:25:20-03:00\"},{\"@type\":\"WebSite\",\"@id\":\"https:\\\/\\\/guillermopino.com.ar\\\/pt\\\/#website\",\"url\":\"https:\\\/\\\/guillermopino.com.ar\\\/pt\\\/\",\"name\":\"Guillermo Pino\",\"inLanguage\":\"pt-BR\",\"publisher\":{\"@id\":\"https:\\\/\\\/guillermopino.com.ar\\\/pt\\\/#organization\"}}]}\n\t\t<\/script>\n\t\t<!-- All in One SEO -->\n\n","aioseo_head_json":{"title":"\u00abPlim Plim, un h\u00e9roe del coraz\u00f3n\u00bb llega a la TV de Brasil - Guillermo Pino","description":"Plim Plim, un h\u00e9roe del coraz\u00f3n, destinada a un target en edad preescolar, se transmitir\u00e1 de lunes a s\u00e1bado a las 8:00 y 13:30 horas bajo el t\u00edtulo Um Her\u00f3i do Cora\u00e7\u00e3o, su nombre en portugu\u00e9s. \u2018Como resultado de la expansi\u00f3n que estamos teniendo con Plim Plim, tenemos el gran honor de ser parte de","canonical_url":"https:\/\/guillermopino.com.ar\/pt\/2023\/10\/25\/se-estrenara-plim-plim-un-heroe-del-corazon-en-ecuador-tv-2-2-2-2\/","robots":"max-image-preview:large","keywords":"","webmasterTools":{"miscellaneous":""},"schema":{"@context":"https:\/\/schema.org","@graph":[{"@type":"BlogPosting","@id":"https:\/\/guillermopino.com.ar\/pt\/2023\/10\/25\/se-estrenara-plim-plim-un-heroe-del-corazon-en-ecuador-tv-2-2-2-2\/#blogposting","name":"\u00abPlim Plim, un h\u00e9roe del coraz\u00f3n\u00bb llega a la TV de Brasil - Guillermo Pino","headline":"\u00abPlim Plim, un h\u00e9roe del coraz\u00f3n\u00bb llega a la TV de Brasil","author":{"@id":"https:\/\/guillermopino.com.ar\/pt\/author\/estudiopanambi_mv5ovl\/#author"},"publisher":{"@id":"https:\/\/guillermopino.com.ar\/pt\/#organization"},"image":{"@type":"ImageObject","url":"https:\/\/guillermopino.com.ar\/wp-content\/uploads\/2023\/10\/unnamed-2.jpg","width":1251,"height":611},"datePublished":"2023-10-25T18:22:54-03:00","dateModified":"2024-05-02T15:25:20-03:00","inLanguage":"pt-BR","mainEntityOfPage":{"@id":"https:\/\/guillermopino.com.ar\/pt\/2023\/10\/25\/se-estrenara-plim-plim-un-heroe-del-corazon-en-ecuador-tv-2-2-2-2\/#webpage"},"isPartOf":{"@id":"https:\/\/guillermopino.com.ar\/pt\/2023\/10\/25\/se-estrenara-plim-plim-un-heroe-del-corazon-en-ecuador-tv-2-2-2-2\/#webpage"},"articleSection":"Uncategorized"},{"@type":"BreadcrumbList","@id":"https:\/\/guillermopino.com.ar\/pt\/2023\/10\/25\/se-estrenara-plim-plim-un-heroe-del-corazon-en-ecuador-tv-2-2-2-2\/#breadcrumblist","itemListElement":[{"@type":"ListItem","@id":"https:\/\/guillermopino.com.ar\/pt#listItem","position":1,"name":"Inicio","item":"https:\/\/guillermopino.com.ar\/pt","nextItem":{"@type":"ListItem","@id":"https:\/\/guillermopino.com.ar\/pt\/category\/uncategorized\/#listItem","name":"Uncategorized"}},{"@type":"ListItem","@id":"https:\/\/guillermopino.com.ar\/pt\/category\/uncategorized\/#listItem","position":2,"name":"Uncategorized","item":"https:\/\/guillermopino.com.ar\/pt\/category\/uncategorized\/","nextItem":{"@type":"ListItem","@id":"https:\/\/guillermopino.com.ar\/pt\/2023\/10\/25\/se-estrenara-plim-plim-un-heroe-del-corazon-en-ecuador-tv-2-2-2-2\/#listItem","name":"\u00abPlim Plim, un h\u00e9roe del coraz\u00f3n\u00bb llega a la TV de Brasil"},"previousItem":{"@type":"ListItem","@id":"https:\/\/guillermopino.com.ar\/pt#listItem","name":"Inicio"}},{"@type":"ListItem","@id":"https:\/\/guillermopino.com.ar\/pt\/2023\/10\/25\/se-estrenara-plim-plim-un-heroe-del-corazon-en-ecuador-tv-2-2-2-2\/#listItem","position":3,"name":"\u00abPlim Plim, un h\u00e9roe del coraz\u00f3n\u00bb llega a la TV de Brasil","previousItem":{"@type":"ListItem","@id":"https:\/\/guillermopino.com.ar\/pt\/category\/uncategorized\/#listItem","name":"Uncategorized"}}]},{"@type":"Organization","@id":"https:\/\/guillermopino.com.ar\/pt\/#organization","name":"Guillermo Pino","url":"https:\/\/guillermopino.com.ar\/pt\/","logo":{"@type":"ImageObject","url":"https:\/\/guillermopino.com.ar\/wp-content\/uploads\/2023\/03\/GuillermoTita-Pino.png","@id":"https:\/\/guillermopino.com.ar\/pt\/2023\/10\/25\/se-estrenara-plim-plim-un-heroe-del-corazon-en-ecuador-tv-2-2-2-2\/#organizationLogo","width":134,"height":71},"image":{"@id":"https:\/\/guillermopino.com.ar\/pt\/2023\/10\/25\/se-estrenara-plim-plim-un-heroe-del-corazon-en-ecuador-tv-2-2-2-2\/#organizationLogo"}},{"@type":"Person","@id":"https:\/\/guillermopino.com.ar\/pt\/author\/estudiopanambi_mv5ovl\/#author","url":"https:\/\/guillermopino.com.ar\/pt\/author\/estudiopanambi_mv5ovl\/","name":"estudiopanambi_mv5ovl","image":{"@type":"ImageObject","@id":"https:\/\/guillermopino.com.ar\/pt\/2023\/10\/25\/se-estrenara-plim-plim-un-heroe-del-corazon-en-ecuador-tv-2-2-2-2\/#authorImage","url":"https:\/\/secure.gravatar.com\/avatar\/9551f15f126ad9a3e3f284dd25a206d03ae852d7b70169defc67f9bbffd53988?s=96&d=mm&r=g","width":96,"height":96,"caption":"estudiopanambi_mv5ovl"}},{"@type":"WebPage","@id":"https:\/\/guillermopino.com.ar\/pt\/2023\/10\/25\/se-estrenara-plim-plim-un-heroe-del-corazon-en-ecuador-tv-2-2-2-2\/#webpage","url":"https:\/\/guillermopino.com.ar\/pt\/2023\/10\/25\/se-estrenara-plim-plim-un-heroe-del-corazon-en-ecuador-tv-2-2-2-2\/","name":"\u00abPlim Plim, un h\u00e9roe del coraz\u00f3n\u00bb llega a la TV de Brasil - Guillermo Pino","description":"Plim Plim, un h\u00e9roe del coraz\u00f3n, destinada a un target en edad preescolar, se transmitir\u00e1 de lunes a s\u00e1bado a las 8:00 y 13:30 horas bajo el t\u00edtulo Um Her\u00f3i do Cora\u00e7\u00e3o, su nombre en portugu\u00e9s. \u2018Como resultado de la expansi\u00f3n que estamos teniendo con Plim Plim, tenemos el gran honor de ser parte de","inLanguage":"pt-BR","isPartOf":{"@id":"https:\/\/guillermopino.com.ar\/pt\/#website"},"breadcrumb":{"@id":"https:\/\/guillermopino.com.ar\/pt\/2023\/10\/25\/se-estrenara-plim-plim-un-heroe-del-corazon-en-ecuador-tv-2-2-2-2\/#breadcrumblist"},"author":{"@id":"https:\/\/guillermopino.com.ar\/pt\/author\/estudiopanambi_mv5ovl\/#author"},"creator":{"@id":"https:\/\/guillermopino.com.ar\/pt\/author\/estudiopanambi_mv5ovl\/#author"},"image":{"@type":"ImageObject","url":"https:\/\/guillermopino.com.ar\/wp-content\/uploads\/2023\/10\/unnamed-2.jpg","@id":"https:\/\/guillermopino.com.ar\/pt\/2023\/10\/25\/se-estrenara-plim-plim-un-heroe-del-corazon-en-ecuador-tv-2-2-2-2\/#mainImage","width":1251,"height":611},"primaryImageOfPage":{"@id":"https:\/\/guillermopino.com.ar\/pt\/2023\/10\/25\/se-estrenara-plim-plim-un-heroe-del-corazon-en-ecuador-tv-2-2-2-2\/#mainImage"},"datePublished":"2023-10-25T18:22:54-03:00","dateModified":"2024-05-02T15:25:20-03:00"},{"@type":"WebSite","@id":"https:\/\/guillermopino.com.ar\/pt\/#website","url":"https:\/\/guillermopino.com.ar\/pt\/","name":"Guillermo Pino","inLanguage":"pt-BR","publisher":{"@id":"https:\/\/guillermopino.com.ar\/pt\/#organization"}}]},"og:locale":"pt_BR","og:site_name":"Guillermo Pino -","og:type":"article","og:title":"\u00abPlim Plim, un h\u00e9roe del coraz\u00f3n\u00bb llega a la TV de Brasil - Guillermo Pino","og:description":"Plim Plim, un h\u00e9roe del coraz\u00f3n, destinada a un target en edad preescolar, se transmitir\u00e1 de lunes a s\u00e1bado a las 8:00 y 13:30 horas bajo el t\u00edtulo Um Her\u00f3i do Cora\u00e7\u00e3o, su nombre en portugu\u00e9s. \u2018Como resultado de la expansi\u00f3n que estamos teniendo con Plim Plim, tenemos el gran honor de ser parte de","og:url":"https:\/\/guillermopino.com.ar\/pt\/2023\/10\/25\/se-estrenara-plim-plim-un-heroe-del-corazon-en-ecuador-tv-2-2-2-2\/","og:image":"https:\/\/guillermopino.com.ar\/wp-content\/uploads\/2023\/03\/Grupo-484.png","og:image:secure_url":"https:\/\/guillermopino.com.ar\/wp-content\/uploads\/2023\/03\/Grupo-484.png","og:image:width":761,"og:image:height":470,"article:published_time":"2023-10-25T21:22:54+00:00","article:modified_time":"2024-05-02T18:25:20+00:00","twitter:card":"summary_large_image","twitter:title":"\u00abPlim Plim, un h\u00e9roe del coraz\u00f3n\u00bb llega a la TV de Brasil - Guillermo Pino","twitter:description":"Plim Plim, un h\u00e9roe del coraz\u00f3n, destinada a un target en edad preescolar, se transmitir\u00e1 de lunes a s\u00e1bado a las 8:00 y 13:30 horas bajo el t\u00edtulo Um Her\u00f3i do Cora\u00e7\u00e3o, su nombre en portugu\u00e9s. \u2018Como resultado de la expansi\u00f3n que estamos teniendo con Plim Plim, tenemos el gran honor de ser parte de","twitter:image":"https:\/\/guillermopino.com.ar\/wp-content\/uploads\/2023\/03\/Grupo-484.png"},"aioseo_meta_data":{"post_id":"915","title":null,"description":null,"keywords":null,"keyphrases":{"focus":[],"additional":[]},"primary_term":null,"canonical_url":null,"og_title":null,"og_description":null,"og_object_type":"default","og_image_type":"default","og_image_url":null,"og_image_width":null,"og_image_height":null,"og_image_custom_url":null,"og_image_custom_fields":null,"og_video":"","og_custom_url":null,"og_article_section":null,"og_article_tags":null,"twitter_use_og":false,"twitter_card":"default","twitter_image_type":"default","twitter_image_url":null,"twitter_image_custom_url":null,"twitter_image_custom_fields":null,"twitter_title":null,"twitter_description":null,"schema":{"blockGraphs":[],"customGraphs":[],"default":{"data":{"Article":[],"Course":[],"Dataset":[],"FAQPage":[],"Movie":[],"Person":[],"Product":[],"ProductReview":[],"Car":[],"Recipe":[],"Service":[],"SoftwareApplication":[],"WebPage":[]},"graphName":"BlogPosting","isEnabled":true},"graphs":[]},"schema_type":"default","schema_type_options":null,"pillar_content":false,"robots_default":true,"robots_noindex":false,"robots_noarchive":false,"robots_nosnippet":false,"robots_nofollow":false,"robots_noimageindex":false,"robots_noodp":false,"robots_notranslate":false,"robots_max_snippet":"-1","robots_max_videopreview":"-1","robots_max_imagepreview":"large","priority":null,"frequency":"default","local_seo":null,"breadcrumb_settings":null,"limit_modified_date":false,"ai":null,"created":"2023-10-25 21:22:54","updated":"2026-08-12 11:34:57","focus_keyword":null,"additional_keywords":null,"truseo_locale":null,"seo_analyzer_scan_date":null},"aioseo_breadcrumb":"<div class=\"aioseo-breadcrumbs\"><span class=\"aioseo-breadcrumb\">\n\t\t\t<a href=\"https:\/\/guillermopino.com.ar\/pt\" title=\"Inicio\">Inicio<\/a>\n\t\t<\/span><span class=\"aioseo-breadcrumb-separator\">&raquo;<\/span><span class=\"aioseo-breadcrumb\">\n\t\t\t<a href=\"https:\/\/guillermopino.com.ar\/pt\/category\/uncategorized\/\" title=\"Uncategorized\">Uncategorized<\/a>\n\t\t<\/span><span class=\"aioseo-breadcrumb-separator\">&raquo;<\/span><span class=\"aioseo-breadcrumb\">\n\t\t\t\u00abPlim Plim, un h\u00e9roe del coraz\u00f3n\u00bb llega a la TV de Brasil\n\t\t<\/span><\/div>","aioseo_breadcrumb_json":[{"label":"Inicio","link":"https:\/\/guillermopino.com.ar\/pt"},{"label":"Uncategorized","link":"https:\/\/guillermopino.com.ar\/pt\/category\/uncategorized\/"},{"label":"\u00abPlim Plim, un h\u00e9roe del coraz\u00f3n\u00bb llega a la TV de Brasil","link":"https:\/\/guillermopino.com.ar\/pt\/2023\/10\/25\/se-estrenara-plim-plim-un-heroe-del-corazon-en-ecuador-tv-2-2-2-2\/"}],"_links":{"self":[{"href":"https:\/\/guillermopino.com.ar\/pt\/wp-json\/wp\/v2\/posts\/915","targetHints":{"allow":["GET"]}}],"collection":[{"href":"https:\/\/guillermopino.com.ar\/pt\/wp-json\/wp\/v2\/posts"}],"about":[{"href":"https:\/\/guillermopino.com.ar\/pt\/wp-json\/wp\/v2\/types\/post"}],"author":[{"embeddable":true,"href":"https:\/\/guillermopino.com.ar\/pt\/wp-json\/wp\/v2\/users\/1"}],"replies":[{"embeddable":true,"href":"https:\/\/guillermopino.com.ar\/pt\/wp-json\/wp\/v2\/comments?post=915"}],"version-history":[{"count":0,"href":"https:\/\/guillermopino.com.ar\/pt\/wp-json\/wp\/v2\/posts\/915\/revisions"}],"wp:featuredmedia":[{"embeddable":true,"href":"https:\/\/guillermopino.com.ar\/pt\/wp-json\/wp\/v2\/media\/917"}],"wp:attachment":[{"href":"https:\/\/guillermopino.com.ar\/pt\/wp-json\/wp\/v2\/media?parent=915"}],"wp:term":[{"taxonomy":"category","embeddable":true,"href":"https:\/\/guillermopino.com.ar\/pt\/wp-json\/wp\/v2\/categories?post=915"},{"taxonomy":"post_tag","embeddable":true,"href":"https:\/\/guillermopino.com.ar\/pt\/wp-json\/wp\/v2\/tags?post=915"}],"curies":[{"name":"wp","href":"https:\/\/api.w.org\/{rel}","templated":true}]}}